{"id":233,"date":"2024-06-10T13:33:24","date_gmt":"2024-06-10T13:33:24","guid":{"rendered":"https:\/\/liceomariareina.cl\/index.php\/2024\/06\/10\/2da-feria-de-convivencia-escolar\/"},"modified":"2026-03-22T16:31:20","modified_gmt":"2026-03-22T19:31:20","slug":"2da-feria-de-convivencia-escolar","status":"publish","type":"post","link":"https:\/\/liceomariareina.cl\/index.php\/2024\/06\/10\/2da-feria-de-convivencia-escolar\/","title":{"rendered":"\u00ab2da Feria de Convivencia Escolar\u00bb"},"content":{"rendered":"<p style=\"text-align: center;\"><span style=\"font-size: 24pt;\"><strong>\u00abSegunda Feria de Convivencia Escolar\u00bb<\/strong><\/span><\/p>\n<p style=\"text-align: center;\"><span style=\"text-decoration: underline;\"><span style=\"font-size: 24pt;\"><strong>\u00a1Todo un Compromiso!<\/strong><\/span>&nbsp;<\/span><\/p>\n<p><span style=\"font-size: 12pt;\">Con el fin de promover la sana convivencia escolar y el buen trato entre los estudiantes, el equipo de convivencia escolar&nbsp; junto con los docentes, los estudiantes y apoderados desde kinder a&nbsp; &nbsp;ense\u00f1anza media desarrollaron la \u201cFeria de Convivencia Escolar el pasado viernes&nbsp;31 de mayo&nbsp;<\/span><\/p>\n<p><span style=\"font-size: 12pt;\">En esta instancia, se presentaron stands abordando diferentes tem\u00e1ticas como Redes Sociales,Acoso escolar, Reglamento Escolar Interno, Resoluci\u00f3n de Conflictos, Vida Sana entre otros, en la cual entregaron informaci\u00f3n muy valiosa a los estudiantes&nbsp; y apoderados&nbsp; que visitaron la feria.<\/span><\/p>\n<p><span style=\"font-size: 12pt;\">En el marco de nuestra cultura de Salvaguarda, esta iniciativa reafirma el compromiso que tenemos con nuestra comunidad estudiantil respecto del bienestar y seguridad de todos ellos.<\/span><\/p>\n<p><span style=\"font-size: 12pt;\">Seguimos avanzando juntos en nuestro compromiso por promover un ambiente escolar seguro, inclusivo y enriquecedor para todos.<\/span><\/p>\n<p><img decoding=\"async\" style=\"display: block; margin-left: auto; margin-right: auto;\" src=\"images\/2024\/Fotos\/Fotos_2da_Feria_Convivencia_Escolar_2024_001.jpg\" alt=\"Fotos 2da Feria Convivencia Escolar 2024 001\" \/><\/p>\n<p><img decoding=\"async\" style=\"display: block; margin-left: auto; margin-right: auto;\" src=\"images\/2024\/Fotos\/Fotos_2da_Feria_Convivencia_Escolar_2024_002.jpg\" alt=\"Fotos 2da Feria Convivencia Escolar 2024 002\" \/><\/p>\n<p><img decoding=\"async\" style=\"display: block; margin-left: auto; margin-right: auto;\" src=\"images\/2024\/Fotos\/Fotos_2da_Feria_Convivencia_Escolar_2024_003.jpg\" alt=\"Fotos 2da Feria Convivencia Escolar 2024 003\" \/><\/p>\n","protected":false},"excerpt":{"rendered":"<p>\u00abSegunda Feria de Convivencia Escolar\u00bb \u00a1Todo un Compromiso!&nbsp; Con el fin de promover la sana convivencia escolar y el buen trato entre los estudiantes, el equipo de convivencia escolar&nbsp; junto [&hellip;]<\/p>\n","protected":false},"author":1,"featured_media":232,"comment_status":"closed","ping_status":"closed","sticky":false,"template":"","format":"standard","meta":{"footnotes":""},"categories":[4],"tags":[],"class_list":["post-233","post","type-post","status-publish","format-standard","has-post-thumbnail","hentry","category-noticias-destacadas"],"_links":{"self":[{"href":"https:\/\/liceomariareina.cl\/index.php\/wp-json\/wp\/v2\/posts\/233","targetHints":{"allow":["GET"]}}],"collection":[{"href":"https:\/\/liceomariareina.cl\/index.php\/wp-json\/wp\/v2\/posts"}],"about":[{"href":"https:\/\/liceomariareina.cl\/index.php\/wp-json\/wp\/v2\/types\/post"}],"author":[{"embeddable":true,"href":"https:\/\/liceomariareina.cl\/index.php\/wp-json\/wp\/v2\/users\/1"}],"replies":[{"embeddable":true,"href":"https:\/\/liceomariareina.cl\/index.php\/wp-json\/wp\/v2\/comments?post=233"}],"version-history":[{"count":1,"href":"https:\/\/liceomariareina.cl\/index.php\/wp-json\/wp\/v2\/posts\/233\/revisions"}],"predecessor-version":[{"id":2469,"href":"https:\/\/liceomariareina.cl\/index.php\/wp-json\/wp\/v2\/posts\/233\/revisions\/2469"}],"wp:featuredmedia":[{"embeddable":true,"href":"https:\/\/liceomariareina.cl\/index.php\/wp-json\/wp\/v2\/media\/232"}],"wp:attachment":[{"href":"https:\/\/liceomariareina.cl\/index.php\/wp-json\/wp\/v2\/media?parent=233"}],"wp:term":[{"taxonomy":"category","embeddable":true,"href":"https:\/\/liceomariareina.cl\/index.php\/wp-json\/wp\/v2\/categories?post=233"},{"taxonomy":"post_tag","embeddable":true,"href":"https:\/\/liceomariareina.cl\/index.php\/wp-json\/wp\/v2\/tags?post=233"}],"curies":[{"name":"wp","href":"https:\/\/api.w.org\/{rel}","templated":true}]}}