{"id":235,"date":"2024-07-22T13:44:13","date_gmt":"2024-07-22T13:44:13","guid":{"rendered":"https:\/\/liceomariareina.cl\/index.php\/2024\/07\/22\/alto-al-acoso-escolar\/"},"modified":"2026-03-22T16:31:14","modified_gmt":"2026-03-22T19:31:14","slug":"alto-al-acoso-escolar","status":"publish","type":"post","link":"https:\/\/liceomariareina.cl\/index.php\/2024\/07\/22\/alto-al-acoso-escolar\/","title":{"rendered":"Alto al acoso escolar!!!"},"content":{"rendered":"<p><img decoding=\"async\" style=\"display: block; margin-left: auto; margin-right: auto;\" src=\"images\/2024\/Fotos\/Alto_al_acoso_escolar_imagen_encabezado.jpg\" alt=\"Alto al acoso escolar imagen encabezado\" \/><\/p>\n<p><span style=\"font-size: 14pt;\">Estimados padres y apoderados:<\/span><\/p>\n<p><span style=\"font-size: 14pt;\">En primer lugar, reciban nuestro saludo y nuestros deseos de que todos se encuentren bien.<\/span><\/p>\n<p><span style=\"font-size: 14pt;\">Quisi\u00e9ramos extender nuestra preocupaci\u00f3n por algunas conductas violentas o situaciones que no s\u00f3lo afectan a nuestros estudiantes, pues la violencia escolar, el bullying y ciberacoso se han convertido en problem\u00e1ticas que se repite en otros entornos educativos del pa\u00eds.<\/span><\/p>\n<p><span style=\"font-size: 14pt;\">Seg\u00fan una encuesta de la UNICEF en el contexto de su campa\u00f1a \u201cAcabemos con la violencia en las escuelas\u201d 1 de cada 3 estudiantes entre los 10 y 15 a\u00f1os experimentan acoso o se han visto involucrados en peleas f\u00edsicas, datos que no est\u00e1n ajenos a nuestra realidad.<\/span><\/p>\n<p><span style=\"font-size: 14pt;\">En ese contexto informamos que:<\/span><\/p>\n<ul>\n<li><span style=\"font-size: 14pt;\">Nuestra comunidad educativa se basa en el Reglamento de Convivencia Escolar, exigido por Mineduc.<\/span><\/li>\n<li><span style=\"font-size: 14pt;\">Contamos con un equipo para abordar situaciones de violencia.<\/span><\/li>\n<li><span style=\"font-size: 14pt;\">Existen medidas formativas y disciplinarias &nbsp;en caso de violencia f\u00edsica y verbal<\/span><\/li>\n<li><span style=\"font-size: 14pt;\">Desde este mi\u00e9rcoles 17 de julio iniciaremos una campa\u00f1a para mejorar y superar la violencia escolar con el slogan <strong>y t\u00fa \u00bfQu\u00e9 haces?<\/strong> para generar consciencia entre las y los estudiantes.<\/span><\/li>\n<li><span style=\"font-size: 14pt;\">Durante el mes de julio y parte de agosto en los 10 minutos de la acogida por la ma\u00f1ana y en la asignatura de formaci\u00f3n, los profesores jefes abordar\u00e1n el tema con diferentes actividades l\u00fadicas y algunas sorpresas en los recreos, todos enfocados en la mejora de la violencia escolar.<\/span><\/li>\n<\/ul>\n<p><span style=\"font-size: 14pt;\">Finalmente, invitamos a los padres y apoderados hacerse parte de la prevenci\u00f3n conversando con sus hijas e hijos. Confiamos en que gracias a su apoyo podremos fomentar una buena convivencia en nuestro colegio.<\/span><\/p>\n<p><span style=\"font-size: 14pt;\">Adem\u00e1s, compartimos con ustedes algunas p\u00e1ginas de inter\u00e9s para reflexionar en familia:<\/span>&nbsp;<\/p>\n<p>&nbsp;<\/p>\n<p><span style=\"font-size: 14pt;\"><\/span><span style=\"font-size: 14pt;\"><a href=\"https:\/\/www.unicef.org\/es\/end-violence\/en-las-escuelas\" target=\"_blank\" rel=\"noopener\">https:\/\/www.unicef.org\/es\/end-violence\/en-las-escuelas<\/a><\/span><\/p>\n<p><span style=\"font-size: 14pt;\"><a href=\"https:\/\/l.facebook.com\/l.php?u=https%3A%2F%2Fwww.youtube.com%2Fwatch%3Fv%3DCdubY5120gA%26fbclid%3DIwAR1hVSsT3Vuqq0L_ykRMPkeThEb4xRQ_6J7LawheMfzXCEe95Gmr2biiB3w&#038;h=AT0sOia4MHk6Q9TQlXvzS9QM4ROk3aC7bhUNuNPp2TSuVQQAvdCoxvY0JoJD6DOInxIjQy5BihMe7yhpTZ2JmB0iMUt_mf_K21OzRVB07VE0PfuMNgt5ksWixRgjoOiz0s-MilGaVpX_ezWD9w&#038;__tn__=-UK-R&#038;c%5b0%5d=AT2OZcfv0aSucy2MXqnsbJmpvpPn87psCDwTjJPZMBgneqL0ExDAY9yK72fCqWL4SPYpuQ4A0YiH76xiIOfOVloz3vj0dlNCNcG1hsAgTWGhB-8bYdVpXCxocIapC41HD4-nKYn8i-1aP2ANLKJSSztWr3xDcVHtTxBeQ8xZlf55CUQUA7XbcocoLgUuXnYjQEkR1Tc6\">https:\/\/www.youtube.com\/watch?v=CdubY5120gA<\/a><\/span><\/p>\n<p><span style=\"font-size: 14pt;\"><a href=\"https:\/\/www.youtube.com\/watch?v=91HgatU6zL8&#038;t=30s-\">https:\/\/www.youtube.com\/watch?v=91HgatU6zL8&#038;t=30s-<\/a><\/span><\/p>\n<p><span style=\"font-size: 14pt;\"><a href=\"https:\/\/www.youtube.com\/watch?v=Sy6qaHjxgZk&#038;t=4s\">https:\/\/www.youtube.com\/watch?v=Sy6qaHjxgZk&#038;t=4s<\/a><\/span><\/p>\n<p><span style=\"font-size: 14pt;\"><a href=\"https:\/\/www.youtube.com\/watch?v=0Ai8_SR8Ncw\">https:\/\/www.youtube.com\/watch?v=0Ai8_SR8Ncw<\/a><\/span><\/p>\n<\/p>\n<p><span style=\"font-size: 14pt;\">Atte.<\/span><\/p>\n<p><span style=\"font-size: 14pt;\">Equipo de convivencia escolar<\/span><\/p>\n","protected":false},"excerpt":{"rendered":"<p>Estimados padres y apoderados: En primer lugar, reciban nuestro saludo y nuestros deseos de que todos se encuentren bien. Quisi\u00e9ramos extender nuestra preocupaci\u00f3n por algunas conductas violentas o situaciones que [&hellip;]<\/p>\n","protected":false},"author":1,"featured_media":234,"comment_status":"closed","ping_status":"closed","sticky":false,"template":"","format":"standard","meta":{"footnotes":""},"categories":[4],"tags":[],"class_list":["post-235","post","type-post","status-publish","format-standard","has-post-thumbnail","hentry","category-noticias-destacadas"],"_links":{"self":[{"href":"https:\/\/liceomariareina.cl\/index.php\/wp-json\/wp\/v2\/posts\/235","targetHints":{"allow":["GET"]}}],"collection":[{"href":"https:\/\/liceomariareina.cl\/index.php\/wp-json\/wp\/v2\/posts"}],"about":[{"href":"https:\/\/liceomariareina.cl\/index.php\/wp-json\/wp\/v2\/types\/post"}],"author":[{"embeddable":true,"href":"https:\/\/liceomariareina.cl\/index.php\/wp-json\/wp\/v2\/users\/1"}],"replies":[{"embeddable":true,"href":"https:\/\/liceomariareina.cl\/index.php\/wp-json\/wp\/v2\/comments?post=235"}],"version-history":[{"count":1,"href":"https:\/\/liceomariareina.cl\/index.php\/wp-json\/wp\/v2\/posts\/235\/revisions"}],"predecessor-version":[{"id":2468,"href":"https:\/\/liceomariareina.cl\/index.php\/wp-json\/wp\/v2\/posts\/235\/revisions\/2468"}],"wp:featuredmedia":[{"embeddable":true,"href":"https:\/\/liceomariareina.cl\/index.php\/wp-json\/wp\/v2\/media\/234"}],"wp:attachment":[{"href":"https:\/\/liceomariareina.cl\/index.php\/wp-json\/wp\/v2\/media?parent=235"}],"wp:term":[{"taxonomy":"category","embeddable":true,"href":"https:\/\/liceomariareina.cl\/index.php\/wp-json\/wp\/v2\/categories?post=235"},{"taxonomy":"post_tag","embeddable":true,"href":"https:\/\/liceomariareina.cl\/index.php\/wp-json\/wp\/v2\/tags?post=235"}],"curies":[{"name":"wp","href":"https:\/\/api.w.org\/{rel}","templated":true}]}}